{"id":1662,"date":"2021-05-31T18:53:10","date_gmt":"2021-05-31T17:53:10","guid":{"rendered":"http:\/\/www.sm-kjn.waw.pl\/wordpress\/?p=1662"},"modified":"2024-04-25T21:09:10","modified_gmt":"2024-04-25T20:09:10","slug":"walne-zgromadzenie-2021","status":"publish","type":"post","link":"https:\/\/www.sm-kjn.waw.pl\/wordpress\/walne-zgromadzenie-2021\/","title":{"rendered":"Walne Zgromadzenie 2021 r."},"content":{"rendered":"<p>\u00a0<\/p>\n<p><a href=\"https:\/\/www.sm-kjn.waw.pl\/wordpress\/wp-content\/uploads\/2021\/05\/komunikat-o-WZ2021.jpg\"><img loading=\"lazy\" decoding=\"async\" class=\"aligncenter size-large wp-image-1664\" src=\"https:\/\/www.sm-kjn.waw.pl\/wordpress\/wp-content\/uploads\/2021\/05\/komunikat-o-WZ2021-730x1024.jpg\" alt=\"\" width=\"640\" height=\"898\" srcset=\"https:\/\/www.sm-kjn.waw.pl\/wordpress\/wp-content\/uploads\/2021\/05\/komunikat-o-WZ2021-730x1024.jpg 730w, https:\/\/www.sm-kjn.waw.pl\/wordpress\/wp-content\/uploads\/2021\/05\/komunikat-o-WZ2021-214x300.jpg 214w, https:\/\/www.sm-kjn.waw.pl\/wordpress\/wp-content\/uploads\/2021\/05\/komunikat-o-WZ2021-768x1077.jpg 768w, https:\/\/www.sm-kjn.waw.pl\/wordpress\/wp-content\/uploads\/2021\/05\/komunikat-o-WZ2021-1095x1536.jpg 1095w, https:\/\/www.sm-kjn.waw.pl\/wordpress\/wp-content\/uploads\/2021\/05\/komunikat-o-WZ2021-1460x2048.jpg 1460w, https:\/\/www.sm-kjn.waw.pl\/wordpress\/wp-content\/uploads\/2021\/05\/komunikat-o-WZ2021.jpg 1556w\" sizes=\"(max-width: 640px) 100vw, 640px\" \/><\/a><\/p>\n<p><a href=\"https:\/\/www.sm-kjn.waw.pl\/wordpress\/wp-content\/uploads\/2021\/12\/Zawiadomienie-WZ-za-2020-r..pdf\">Zawiadomienie o Walnym Zgromadzeniu Cz\u0142onk\u00f3w<\/a><\/p>\n<p><a href=\"https:\/\/www.sm-kjn.waw.pl\/wordpress\/wp-content\/uploads\/2021\/12\/Sprawozdanie-Zarzadu-za-2020-rok-skan.pdf\">Sprawozdanie z dzia\u0142alno\u015bci SM &#8222;Ko\u0144ski Jar-Nutki&#8221; za okres od 01.01.2020 r. do 31.12.2020 r. w tym sprawozdanie finansowe<\/a><\/p>\n<p><a href=\"https:\/\/www.sm-kjn.waw.pl\/wordpress\/wp-content\/uploads\/2021\/12\/Sprawozdanie-RN-za-2020-r..pdf\">Sprawozdanie z dzia\u0142alno\u015bci Rady Nadzorczej SM &#8222;Ko\u0144ski Jar-Nutki&#8221; za okres od 29.05.2020 do 27.05.20201 r.<\/a><\/p>\n<p><a href=\"https:\/\/www.sm-kjn.waw.pl\/wordpress\/wp-content\/uploads\/2021\/12\/Sprawoadzanie-KR-RN-za-2020-r..pdf\">Sprawozdanie z dzia\u0142alno\u015bci Komisji Rewizyjnej SM &#8222;Ko\u0144ski Jar-Nutki&#8221; za okres od 22.05.2020 r. do 20.05.2021 r.<\/a><\/p>\n<p><a href=\"https:\/\/www.sm-kjn.waw.pl\/wordpress\/wp-content\/uploads\/2021\/12\/Uchwaly-WZ-za-2020-r..pdf\">Projekty uchwa\u0142 Walnego Zgromadzenia Cz\u0142onk\u00f3w SM &#8222;Ko\u0144ski Jar-Nutki&#8221;<\/a><\/p>\n\n\n<p><\/p>\n","protected":false},"excerpt":{"rendered":"<p>\u00a0 Zawiadomienie o Walnym Zgromadzeniu Cz\u0142onk\u00f3w Sprawozdanie z dzia\u0142alno\u015bci SM &#8222;Ko\u0144ski Jar-Nutki&#8221; za okres od 01.01.2020 r. do 31.12.2020 r. w tym sprawozdanie finansowe Sprawozdanie z dzia\u0142alno\u015bci Rady Nadzorczej SM &#8222;Ko\u0144ski Jar-Nutki&#8221; za okres od 29.05.2020 do 27.05.20201 r. Sprawozdanie &hellip; <a class=\"more-link\" href=\"https:\/\/www.sm-kjn.waw.pl\/wordpress\/walne-zgromadzenie-2021\/\">Continue reading <span class=\"meta-nav\">&rarr;<\/span><\/a><\/p>\n","protected":false},"author":1,"featured_media":0,"comment_status":"closed","ping_status":"closed","sticky":false,"template":"","format":"standard","meta":{"_et_pb_use_builder":"","_et_pb_old_content":"","_et_gb_content_width":"","footnotes":""},"categories":[9,6],"tags":[],"class_list":["post-1662","post","type-post","status-publish","format-standard","hentry","category-dzialalnosc","category-info"],"_links":{"self":[{"href":"https:\/\/www.sm-kjn.waw.pl\/wordpress\/wp-json\/wp\/v2\/posts\/1662","targetHints":{"allow":["GET"]}}],"collection":[{"href":"https:\/\/www.sm-kjn.waw.pl\/wordpress\/wp-json\/wp\/v2\/posts"}],"about":[{"href":"https:\/\/www.sm-kjn.waw.pl\/wordpress\/wp-json\/wp\/v2\/types\/post"}],"author":[{"embeddable":true,"href":"https:\/\/www.sm-kjn.waw.pl\/wordpress\/wp-json\/wp\/v2\/users\/1"}],"replies":[{"embeddable":true,"href":"https:\/\/www.sm-kjn.waw.pl\/wordpress\/wp-json\/wp\/v2\/comments?post=1662"}],"version-history":[{"count":13,"href":"https:\/\/www.sm-kjn.waw.pl\/wordpress\/wp-json\/wp\/v2\/posts\/1662\/revisions"}],"predecessor-version":[{"id":1986,"href":"https:\/\/www.sm-kjn.waw.pl\/wordpress\/wp-json\/wp\/v2\/posts\/1662\/revisions\/1986"}],"wp:attachment":[{"href":"https:\/\/www.sm-kjn.waw.pl\/wordpress\/wp-json\/wp\/v2\/media?parent=1662"}],"wp:term":[{"taxonomy":"category","embeddable":true,"href":"https:\/\/www.sm-kjn.waw.pl\/wordpress\/wp-json\/wp\/v2\/categories?post=1662"},{"taxonomy":"post_tag","embeddable":true,"href":"https:\/\/www.sm-kjn.waw.pl\/wordpress\/wp-json\/wp\/v2\/tags?post=1662"}],"curies":[{"name":"wp","href":"https:\/\/api.w.org\/{rel}","templated":true}]}}