{"id":1555,"date":"2020-05-19T20:00:38","date_gmt":"2020-05-19T19:00:38","guid":{"rendered":"http:\/\/www.sm-kjn.waw.pl\/wordpress\/?p=1555"},"modified":"2021-11-09T20:34:07","modified_gmt":"2021-11-09T19:34:07","slug":"walne-zgromadzenie-2020-r","status":"publish","type":"post","link":"https:\/\/www.sm-kjn.waw.pl\/wordpress\/walne-zgromadzenie-2020-r\/","title":{"rendered":"Walne Zgromadzenie 2020 r."},"content":{"rendered":"\n<figure class=\"wp-block-image size-large\"><a href=\"https:\/\/www.sm-kjn.waw.pl\/wordpress\/wp-content\/uploads\/2020\/05\/walne-2020-komunukat.pdf\"><img loading=\"lazy\" decoding=\"async\" width=\"743\" height=\"1024\" src=\"https:\/\/www.sm-kjn.waw.pl\/wordpress\/wp-content\/uploads\/2020\/05\/Walne-2020-komunikat-743x1024.jpg\" alt=\"\" class=\"wp-image-1558\" srcset=\"https:\/\/www.sm-kjn.waw.pl\/wordpress\/wp-content\/uploads\/2020\/05\/Walne-2020-komunikat-743x1024.jpg 743w, https:\/\/www.sm-kjn.waw.pl\/wordpress\/wp-content\/uploads\/2020\/05\/Walne-2020-komunikat-218x300.jpg 218w, https:\/\/www.sm-kjn.waw.pl\/wordpress\/wp-content\/uploads\/2020\/05\/Walne-2020-komunikat-768x1058.jpg 768w, https:\/\/www.sm-kjn.waw.pl\/wordpress\/wp-content\/uploads\/2020\/05\/Walne-2020-komunikat-1115x1536.jpg 1115w, https:\/\/www.sm-kjn.waw.pl\/wordpress\/wp-content\/uploads\/2020\/05\/Walne-2020-komunikat-1487x2048.jpg 1487w, https:\/\/www.sm-kjn.waw.pl\/wordpress\/wp-content\/uploads\/2020\/05\/Walne-2020-komunikat.jpg 1610w\" sizes=\"(max-width: 743px) 100vw, 743px\" \/><\/a><\/figure>\n\n\n<p><a href=\"https:\/\/www.sm-kjn.waw.pl\/wordpress\/wp-content\/uploads\/2021\/11\/Zawiadomienie-o-WZcz.-za-2019-r..pdf\">Zawiadomienie o Walnym Zgromadzeniu Cz\u0142onk\u00f3w<\/a><\/p>\n<p><a href=\"https:\/\/www.sm-kjn.waw.pl\/wordpress\/wp-content\/uploads\/2021\/11\/Sprawozdanie-Zarzadu-z-dzialalnosci-Spoldzielni-za-2019-rok.pdf\">Sprawozdanie z dzia\u0142alno\u015bci SM &#8222;Ko\u0144ski Jar-Nutki&#8221; za okres od 01.01.2019 r. do 31.12.2019 r. w tym sprawozdanie finansowe<\/a><\/p>\n<p><a href=\"https:\/\/www.sm-kjn.waw.pl\/wordpress\/wp-content\/uploads\/2021\/11\/Sprawozadanie-RN-za-2019-r..pdf\">Sprawozdanie z dzia\u0142alno\u015bci Rady Nadzorczej SM &#8222;Ko\u0144ski Jar-Nutki&#8221; za okres od 11.06.2019 do 28.05.2020 r. <\/a><\/p>\n<p><a href=\"https:\/\/www.sm-kjn.waw.pl\/wordpress\/wp-content\/uploads\/2021\/11\/Sprawozdanie-KR-RN-za-2019-r..pdf\">Sprawozdanie z dzia\u0142alno\u015bci Komisji Rewizyjnej SM &#8222;Ko\u0144ski Jar-Nutki&#8221; za okres od 04.07.2019 r. do 21.05.2020 r.<\/a><\/p>\n<p><a href=\"https:\/\/www.sm-kjn.waw.pl\/wordpress\/wp-content\/uploads\/2021\/11\/Uchwaly-WZ-za-2019-r..pdf\">Projekty uchwa\u0142 Walnego Zgromadzenia Cz\u0142onk\u00f3w SM &#8222;Ko\u0144ski Jar-Nutki&#8221;<\/a><br \/><br \/><\/p>","protected":false},"excerpt":{"rendered":"<p>Zawiadomienie o Walnym Zgromadzeniu Cz\u0142onk\u00f3w Sprawozdanie z dzia\u0142alno\u015bci SM &#8222;Ko\u0144ski Jar-Nutki&#8221; za okres od 01.01.2019 r. do 31.12.2019 r. w tym sprawozdanie finansowe Sprawozdanie z dzia\u0142alno\u015bci Rady Nadzorczej SM &#8222;Ko\u0144ski Jar-Nutki&#8221; za okres od 11.06.2019 do 28.05.2020 r. Sprawozdanie z &hellip; <a class=\"more-link\" href=\"https:\/\/www.sm-kjn.waw.pl\/wordpress\/walne-zgromadzenie-2020-r\/\">Continue reading <span class=\"meta-nav\">&rarr;<\/span><\/a><\/p>\n","protected":false},"author":1,"featured_media":0,"comment_status":"closed","ping_status":"open","sticky":false,"template":"","format":"standard","meta":{"_et_pb_use_builder":"","_et_pb_old_content":"","_et_gb_content_width":"","footnotes":""},"categories":[9],"tags":[],"class_list":["post-1555","post","type-post","status-publish","format-standard","hentry","category-dzialalnosc"],"_links":{"self":[{"href":"https:\/\/www.sm-kjn.waw.pl\/wordpress\/wp-json\/wp\/v2\/posts\/1555","targetHints":{"allow":["GET"]}}],"collection":[{"href":"https:\/\/www.sm-kjn.waw.pl\/wordpress\/wp-json\/wp\/v2\/posts"}],"about":[{"href":"https:\/\/www.sm-kjn.waw.pl\/wordpress\/wp-json\/wp\/v2\/types\/post"}],"author":[{"embeddable":true,"href":"https:\/\/www.sm-kjn.waw.pl\/wordpress\/wp-json\/wp\/v2\/users\/1"}],"replies":[{"embeddable":true,"href":"https:\/\/www.sm-kjn.waw.pl\/wordpress\/wp-json\/wp\/v2\/comments?post=1555"}],"version-history":[{"count":13,"href":"https:\/\/www.sm-kjn.waw.pl\/wordpress\/wp-json\/wp\/v2\/posts\/1555\/revisions"}],"predecessor-version":[{"id":1739,"href":"https:\/\/www.sm-kjn.waw.pl\/wordpress\/wp-json\/wp\/v2\/posts\/1555\/revisions\/1739"}],"wp:attachment":[{"href":"https:\/\/www.sm-kjn.waw.pl\/wordpress\/wp-json\/wp\/v2\/media?parent=1555"}],"wp:term":[{"taxonomy":"category","embeddable":true,"href":"https:\/\/www.sm-kjn.waw.pl\/wordpress\/wp-json\/wp\/v2\/categories?post=1555"},{"taxonomy":"post_tag","embeddable":true,"href":"https:\/\/www.sm-kjn.waw.pl\/wordpress\/wp-json\/wp\/v2\/tags?post=1555"}],"curies":[{"name":"wp","href":"https:\/\/api.w.org\/{rel}","templated":true}]}}